{"id":53354,"date":"2023-01-16T10:00:00","date_gmt":"2023-01-16T09:00:00","guid":{"rendered":"http:\/\/cornandsoda.com\/wp\/?p=53354"},"modified":"2023-01-15T23:21:54","modified_gmt":"2023-01-15T22:21:54","slug":"kollar-klemencz-kamarazenekar-a-folyo","status":"publish","type":"post","link":"http:\/\/cornandsoda.com\/wp\/kollar-klemencz-kamarazenekar-a-folyo\/","title":{"rendered":"Koll\u00e1r-Klemencz Kamarazenekar: A foly\u00f3"},"content":{"rendered":"\n<p>A <strong><span style=\"text-decoration: underline;\">Koll\u00e1r-Klemencz Kamarazenekar<\/span><\/strong> <em><strong><span style=\"text-decoration: underline;\">A foly\u00f3<\/span><\/strong><\/em> &#8211; c\u00edm\u0171 \u00faj lemez\u00e9n is dalsz\u00f6vegeiben t\u00e1rsadalom\u00e9rz\u00e9kenys\u00e9g\u00e9t viszi tov\u00e1bb, de az alkot\u00f3, enn\u00e9l tov\u00e1bb l\u00e9p, \u00e9s a konkr\u00e9t megjelen\u00e9s\u00e9vel is t\u00e1mogatni szeretn\u00e9 a r\u00e1szorul\u00f3kat. \u00cdgy jelenik meg az \u00faj album el\u0151sz\u00f6r az <strong><a href=\"http:\/\/oltalom.hu\" target=\"_blank\" rel=\"noreferrer noopener\">oltalom.hu<\/a><\/strong> oldal\u00e1n <strong>2023 janu\u00e1r 15-\u00e9n 10.00-kor<\/strong>. Ott lesz el\u00e9rhet\u0151 csak 3 napig, ezut\u00e1n v\u00e1lik csak nyilv\u00e1noss\u00e1 a zenemegoszt\u00f3 fel\u00fcleteken. Az oltalom.hu egy karitat\u00edv civil szervezet, mely \u00e9vtizedek \u00f3ta seg\u00edti lelki \u00e9s szoci\u00e1lisan elhagyott, kiszolg\u00e1ltat\u00f3tt, vesz\u00e9lyeztetett embereket. Koll\u00e1r-Klemencz L\u00e1szl\u00f3 sz\u00e1nd\u00e9ka ezzel, hogy azokat a kattint\u00e1sok, amik az els\u0151 napokban feltornyosulnak egy \u00faj lemez megjelen\u00e9s\u00e9n\u00e9l, olyan helyre menjenek, ahol erre igaz\u00e1n nagy sz\u00fcks\u00e9g van, s az ebb\u0151l esetlegesen ad\u00f3d\u00f3 t\u00e1mogat\u00e1sokra. &#8222;Tal\u00e1n hozz\u00e1j\u00e1rulunk ezzel, hogy kevesebben fagyjanak meg a t\u00e9l legnehezebb id\u0151szak\u00e1ban az utc\u00e1kon&#8221; &#8211; nyilatkozta a szerz\u0151. Koll\u00e1r-Klemencz L\u00e1szl\u00f3 az elm\u00falt \u00e9vben b\u00facs\u00fazott Kisteh\u00e9n zenekar frontemberek\u00e9nt is t\u00f6bbsz\u00f6r t\u00e1mogatott olyan kezdem\u00e9nyez\u00e9seket, mellyek a r\u00e1szorul\u00f3k terhein pr\u00f3b\u00e1lnak enyh\u00edteni. A 2010-es \u00e9vek elej\u00e9n jelentkezett szem\u00e9lyes hangv\u00e9tel\u0171 akusztikus hangszerel\u00e9s\u0171 sz\u00f6vegcentrikus dalokkal a Kisteh\u00e9n mellett, ezeket a Koll\u00e1r Klemencz Kamarazenekarral sz\u00f3laltatja meg.<\/p>\n\n\n\n<figure class=\"wp-block-image aligncenter size-large\"><img loading=\"lazy\" decoding=\"async\" width=\"1024\" height=\"683\" src=\"http:\/\/cornandsoda.com\/wp\/wp-content\/uploads\/2023\/01\/kollar-klemencz_kamarazenekar_foto_revai_sara-1-copy-1024x683.jpg\" alt=\"\" class=\"wp-image-53355\" srcset=\"http:\/\/cornandsoda.com\/wp\/wp-content\/uploads\/2023\/01\/kollar-klemencz_kamarazenekar_foto_revai_sara-1-copy-1024x683.jpg 1024w, http:\/\/cornandsoda.com\/wp\/wp-content\/uploads\/2023\/01\/kollar-klemencz_kamarazenekar_foto_revai_sara-1-copy-300x200.jpg 300w, http:\/\/cornandsoda.com\/wp\/wp-content\/uploads\/2023\/01\/kollar-klemencz_kamarazenekar_foto_revai_sara-1-copy-768x512.jpg 768w, http:\/\/cornandsoda.com\/wp\/wp-content\/uploads\/2023\/01\/kollar-klemencz_kamarazenekar_foto_revai_sara-1-copy-1536x1024.jpg 1536w, http:\/\/cornandsoda.com\/wp\/wp-content\/uploads\/2023\/01\/kollar-klemencz_kamarazenekar_foto_revai_sara-1-copy-2048x1365.jpg 2048w\" sizes=\"(max-width: 1024px) 100vw, 1024px\" \/><figcaption class=\"wp-element-caption\">Fot\u00f3: Koll\u00e1r-Klemencz Kamarazenekar<\/figcaption><\/figure>\n\n\n\n<!--more-->\n\n\n\n<p><\/p>\n\n\n\n<p>A foly\u00f3 a Koll\u00e1r-Klemencz Kamarazenekar sorrendben \u00f6t\u00f6dik albuma, tudatos folytat\u00e1sa annak a minden term\u00e9szetben m\u00e9lyre hatol\u00f3 munk\u00e1nak, amit a dalszerz\u0151 Koll\u00e1r-Klemencz L\u00e1szl\u00f3 az irodalomban is \u00e9s a zen\u00e9ben is k\u00f6vetkezetesen visz, \u00e9s vezeti vissza a k\u00f6z\u00f6ns\u00e9g\u00e9t abba a leny\u0171g\u00f6z\u0151 vil\u00e1gba, ahonnan minden foly\u00f3 ered.<\/p>\n\n\n\n<p><br>Az \u00faj lemez bemutat\u00f3j\u00e1ra moderns\u00e9g\u00e9ben \u00e9s klasszikuss\u00e1g\u00e1ban is \u00e9rett zenekar \u00e1ll fel a sz\u00ednpadra, a klasszikus zenei, n\u00e9pzenei, vil\u00e1gzenei zen\u00e9szek az \u00e9vek sor\u00e1n maxim\u00e1lisan szerv\u00fcltek az \u00e1lland\u00f3an \u00faj utakat keres\u0151 zenekarvezet\u0151 v\u00e1ltoz\u00e1sainak \u00e1lland\u00f3s\u00e1g\u00e1hoz, s az \u00edgy kialakult Koll\u00e1r-Klemencz vil\u00e1g \u00e9ppen annyira term\u00e9szeti, mint term\u00e9szetfeletti, \u00e9ppen annyira hordozza a magyar kult\u00fara nyomait, mint amennyire hat\u00e1rok n\u00e9lk\u00fcli, m\u00e1ra m\u00e1r a magyar zenei jelen\u00fcnk, mindennapjainkat, \u00f6r\u00f6meinket-f\u00e1jdalmainkat tenyer\u00e9ben hordoz\u00f3, szeretettel teli r\u00e9sze.<\/p>\n","protected":false},"excerpt":{"rendered":"<p>A Koll\u00e1r-Klemencz Kamarazenekar A foly\u00f3 &#8211; c\u00edm\u0171 \u00faj lemez\u00e9n is dalsz\u00f6vegeiben t\u00e1rsadalom\u00e9rz\u00e9kenys\u00e9g\u00e9t viszi tov\u00e1bb, de az alkot\u00f3, enn\u00e9l<\/p>\n","protected":false},"author":14,"featured_media":53355,"comment_status":"open","ping_status":"open","sticky":false,"template":"","format":"standard","meta":{"footnotes":""},"categories":[12577,16],"tags":[14408,14407],"class_list":["post-53354","post","type-post","status-publish","format-standard","has-post-thumbnail","hentry","category-klippremier","category-zene","tag-a-folyo","tag-kollar-klemencz-kamarazenekar"],"yoast_head":"<!-- This site is optimized with the Yoast SEO plugin v27.4 - https:\/\/yoast.com\/product\/yoast-seo-wordpress\/ -->\n<title>Koll\u00e1r-Klemencz Kamarazenekar: A foly\u00f3 \u2013 Corn&amp;Soda<\/title>\n<meta name=\"description\" content=\"A Koll\u00e1r-Klemencz Kamarazenekar A foly\u00f3 - c\u00edm\u0171 \u00faj lemez\u00e9n is dalsz\u00f6vegeiben t\u00e1rsadalom\u00e9rz\u00e9kenys\u00e9g\u00e9t viszi tov\u00e1bb, de az alkot\u00f3, enn\u00e9l tov\u00e1bb l\u00e9p, \u00e9s a konkr\u00e9t megjelen\u00e9s\u00e9vel is t\u00e1mogatni szeretn\u00e9 a r\u00e1szorul\u00f3kat.\" \/>\n<meta name=\"robots\" content=\"index, follow, max-snippet:-1, max-image-preview:large, max-video-preview:-1\" \/>\n<link rel=\"canonical\" href=\"http:\/\/cornandsoda.com\/wp\/kollar-klemencz-kamarazenekar-a-folyo\/\" \/>\n<meta property=\"og:locale\" content=\"hu_HU\" \/>\n<meta property=\"og:type\" content=\"article\" \/>\n<meta property=\"og:title\" content=\"Koll\u00e1r-Klemencz Kamarazenekar: A foly\u00f3 \u2013 Corn&amp;Soda\" \/>\n<meta property=\"og:description\" content=\"A Koll\u00e1r-Klemencz Kamarazenekar A foly\u00f3 - c\u00edm\u0171 \u00faj lemez\u00e9n is dalsz\u00f6vegeiben t\u00e1rsadalom\u00e9rz\u00e9kenys\u00e9g\u00e9t viszi tov\u00e1bb, de az alkot\u00f3, enn\u00e9l tov\u00e1bb l\u00e9p, \u00e9s a konkr\u00e9t megjelen\u00e9s\u00e9vel is t\u00e1mogatni szeretn\u00e9 a r\u00e1szorul\u00f3kat.\" \/>\n<meta property=\"og:url\" content=\"http:\/\/cornandsoda.com\/wp\/kollar-klemencz-kamarazenekar-a-folyo\/\" \/>\n<meta property=\"og:site_name\" content=\"Corn &amp; Soda\" \/>\n<meta property=\"article:published_time\" content=\"2023-01-16T09:00:00+00:00\" \/>\n<meta property=\"og:image\" content=\"http:\/\/cornandsoda.com\/wp\/wp-content\/uploads\/2023\/01\/kollar-klemencz_kamarazenekar_foto_revai_sara-1-copy-scaled.jpg\" \/>\n\t<meta property=\"og:image:width\" content=\"2560\" \/>\n\t<meta property=\"og:image:height\" content=\"1707\" \/>\n\t<meta property=\"og:image:type\" content=\"image\/jpeg\" \/>\n<meta name=\"author\" content=\"Blackphoenix\" \/>\n<meta name=\"twitter:card\" content=\"summary_large_image\" \/>\n<meta name=\"twitter:creator\" content=\"@CornAndSoda\" \/>\n<meta name=\"twitter:site\" content=\"@CornAndSoda\" \/>\n<meta name=\"twitter:label1\" content=\"Szerz\u0151:\" \/>\n\t<meta name=\"twitter:data1\" content=\"Blackphoenix\" \/>\n\t<meta name=\"twitter:label2\" content=\"Becs\u00fclt olvas\u00e1si id\u0151\" \/>\n\t<meta name=\"twitter:data2\" content=\"2 perc\" \/>\n<script type=\"application\/ld+json\" class=\"yoast-schema-graph\">{\"@context\":\"https:\\\/\\\/schema.org\",\"@graph\":[{\"@type\":\"Article\",\"@id\":\"http:\\\/\\\/cornandsoda.com\\\/wp\\\/kollar-klemencz-kamarazenekar-a-folyo\\\/#article\",\"isPartOf\":{\"@id\":\"http:\\\/\\\/cornandsoda.com\\\/wp\\\/kollar-klemencz-kamarazenekar-a-folyo\\\/\"},\"author\":{\"name\":\"Blackphoenix\",\"@id\":\"https:\\\/\\\/cornandsoda.com\\\/wp\\\/#\\\/schema\\\/person\\\/86f3f4ed984632a39ad9be1e875c0a42\"},\"headline\":\"Koll\u00e1r-Klemencz Kamarazenekar: A foly\u00f3\",\"datePublished\":\"2023-01-16T09:00:00+00:00\",\"mainEntityOfPage\":{\"@id\":\"http:\\\/\\\/cornandsoda.com\\\/wp\\\/kollar-klemencz-kamarazenekar-a-folyo\\\/\"},\"wordCount\":417,\"commentCount\":0,\"image\":{\"@id\":\"http:\\\/\\\/cornandsoda.com\\\/wp\\\/kollar-klemencz-kamarazenekar-a-folyo\\\/#primaryimage\"},\"thumbnailUrl\":\"http:\\\/\\\/cornandsoda.com\\\/wp\\\/wp-content\\\/uploads\\\/2023\\\/01\\\/kollar-klemencz_kamarazenekar_foto_revai_sara-1-copy-scaled.jpg\",\"keywords\":[\"A foly\u00f3\",\"Koll\u00e1r-Klemencz Kamarazenekar\"],\"articleSection\":[\"Klippremier\",\"Zene\"],\"inLanguage\":\"hu\",\"potentialAction\":[{\"@type\":\"CommentAction\",\"name\":\"Comment\",\"target\":[\"http:\\\/\\\/cornandsoda.com\\\/wp\\\/kollar-klemencz-kamarazenekar-a-folyo\\\/#respond\"]}]},{\"@type\":\"WebPage\",\"@id\":\"http:\\\/\\\/cornandsoda.com\\\/wp\\\/kollar-klemencz-kamarazenekar-a-folyo\\\/\",\"url\":\"http:\\\/\\\/cornandsoda.com\\\/wp\\\/kollar-klemencz-kamarazenekar-a-folyo\\\/\",\"name\":\"Koll\u00e1r-Klemencz Kamarazenekar: A foly\u00f3 \u2013 Corn&Soda\",\"isPartOf\":{\"@id\":\"https:\\\/\\\/cornandsoda.com\\\/wp\\\/#website\"},\"primaryImageOfPage\":{\"@id\":\"http:\\\/\\\/cornandsoda.com\\\/wp\\\/kollar-klemencz-kamarazenekar-a-folyo\\\/#primaryimage\"},\"image\":{\"@id\":\"http:\\\/\\\/cornandsoda.com\\\/wp\\\/kollar-klemencz-kamarazenekar-a-folyo\\\/#primaryimage\"},\"thumbnailUrl\":\"http:\\\/\\\/cornandsoda.com\\\/wp\\\/wp-content\\\/uploads\\\/2023\\\/01\\\/kollar-klemencz_kamarazenekar_foto_revai_sara-1-copy-scaled.jpg\",\"datePublished\":\"2023-01-16T09:00:00+00:00\",\"author\":{\"@id\":\"https:\\\/\\\/cornandsoda.com\\\/wp\\\/#\\\/schema\\\/person\\\/86f3f4ed984632a39ad9be1e875c0a42\"},\"description\":\"A Koll\u00e1r-Klemencz Kamarazenekar A foly\u00f3 - c\u00edm\u0171 \u00faj lemez\u00e9n is dalsz\u00f6vegeiben t\u00e1rsadalom\u00e9rz\u00e9kenys\u00e9g\u00e9t viszi tov\u00e1bb, de az alkot\u00f3, enn\u00e9l tov\u00e1bb l\u00e9p, \u00e9s a konkr\u00e9t megjelen\u00e9s\u00e9vel is t\u00e1mogatni szeretn\u00e9 a r\u00e1szorul\u00f3kat.\",\"breadcrumb\":{\"@id\":\"http:\\\/\\\/cornandsoda.com\\\/wp\\\/kollar-klemencz-kamarazenekar-a-folyo\\\/#breadcrumb\"},\"inLanguage\":\"hu\",\"potentialAction\":[{\"@type\":\"ReadAction\",\"target\":[\"http:\\\/\\\/cornandsoda.com\\\/wp\\\/kollar-klemencz-kamarazenekar-a-folyo\\\/\"]}]},{\"@type\":\"ImageObject\",\"inLanguage\":\"hu\",\"@id\":\"http:\\\/\\\/cornandsoda.com\\\/wp\\\/kollar-klemencz-kamarazenekar-a-folyo\\\/#primaryimage\",\"url\":\"http:\\\/\\\/cornandsoda.com\\\/wp\\\/wp-content\\\/uploads\\\/2023\\\/01\\\/kollar-klemencz_kamarazenekar_foto_revai_sara-1-copy-scaled.jpg\",\"contentUrl\":\"http:\\\/\\\/cornandsoda.com\\\/wp\\\/wp-content\\\/uploads\\\/2023\\\/01\\\/kollar-klemencz_kamarazenekar_foto_revai_sara-1-copy-scaled.jpg\",\"width\":2560,\"height\":1707,\"caption\":\"Fot\u00f3: Koll\u00e1r-Klemencz Kamarazenekar\"},{\"@type\":\"BreadcrumbList\",\"@id\":\"http:\\\/\\\/cornandsoda.com\\\/wp\\\/kollar-klemencz-kamarazenekar-a-folyo\\\/#breadcrumb\",\"itemListElement\":[{\"@type\":\"ListItem\",\"position\":1,\"name\":\"Home\",\"item\":\"https:\\\/\\\/cornandsoda.com\\\/wp\\\/\"},{\"@type\":\"ListItem\",\"position\":2,\"name\":\"Koll\u00e1r-Klemencz Kamarazenekar: A foly\u00f3\"}]},{\"@type\":\"WebSite\",\"@id\":\"https:\\\/\\\/cornandsoda.com\\\/wp\\\/#website\",\"url\":\"https:\\\/\\\/cornandsoda.com\\\/wp\\\/\",\"name\":\"Corn &amp; Soda\",\"description\":\"Kultur\u00e1lis magazin\",\"potentialAction\":[{\"@type\":\"SearchAction\",\"target\":{\"@type\":\"EntryPoint\",\"urlTemplate\":\"https:\\\/\\\/cornandsoda.com\\\/wp\\\/?s={search_term_string}\"},\"query-input\":{\"@type\":\"PropertyValueSpecification\",\"valueRequired\":true,\"valueName\":\"search_term_string\"}}],\"inLanguage\":\"hu\"},{\"@type\":\"Person\",\"@id\":\"https:\\\/\\\/cornandsoda.com\\\/wp\\\/#\\\/schema\\\/person\\\/86f3f4ed984632a39ad9be1e875c0a42\",\"name\":\"Blackphoenix\",\"image\":{\"@type\":\"ImageObject\",\"inLanguage\":\"hu\",\"@id\":\"http:\\\/\\\/0.gravatar.com\\\/avatar\\\/6c3f0ec2867c53ecd89c3ff53f9a905b?s=96&d=mm&r=g\",\"url\":\"http:\\\/\\\/0.gravatar.com\\\/avatar\\\/6c3f0ec2867c53ecd89c3ff53f9a905b?s=96&d=mm&r=g\",\"contentUrl\":\"http:\\\/\\\/0.gravatar.com\\\/avatar\\\/6c3f0ec2867c53ecd89c3ff53f9a905b?s=96&d=mm&r=g\",\"caption\":\"Blackphoenix\"},\"url\":\"http:\\\/\\\/cornandsoda.com\\\/wp\\\/author\\\/blackphoenix\\\/\"}]}<\/script>\n<!-- \/ Yoast SEO plugin. -->","yoast_head_json":{"title":"Koll\u00e1r-Klemencz Kamarazenekar: A foly\u00f3 \u2013 Corn&Soda","description":"A Koll\u00e1r-Klemencz Kamarazenekar A foly\u00f3 - c\u00edm\u0171 \u00faj lemez\u00e9n is dalsz\u00f6vegeiben t\u00e1rsadalom\u00e9rz\u00e9kenys\u00e9g\u00e9t viszi tov\u00e1bb, de az alkot\u00f3, enn\u00e9l tov\u00e1bb l\u00e9p, \u00e9s a konkr\u00e9t megjelen\u00e9s\u00e9vel is t\u00e1mogatni szeretn\u00e9 a r\u00e1szorul\u00f3kat.","robots":{"index":"index","follow":"follow","max-snippet":"max-snippet:-1","max-image-preview":"max-image-preview:large","max-video-preview":"max-video-preview:-1"},"canonical":"http:\/\/cornandsoda.com\/wp\/kollar-klemencz-kamarazenekar-a-folyo\/","og_locale":"hu_HU","og_type":"article","og_title":"Koll\u00e1r-Klemencz Kamarazenekar: A foly\u00f3 \u2013 Corn&Soda","og_description":"A Koll\u00e1r-Klemencz Kamarazenekar A foly\u00f3 - c\u00edm\u0171 \u00faj lemez\u00e9n is dalsz\u00f6vegeiben t\u00e1rsadalom\u00e9rz\u00e9kenys\u00e9g\u00e9t viszi tov\u00e1bb, de az alkot\u00f3, enn\u00e9l tov\u00e1bb l\u00e9p, \u00e9s a konkr\u00e9t megjelen\u00e9s\u00e9vel is t\u00e1mogatni szeretn\u00e9 a r\u00e1szorul\u00f3kat.","og_url":"http:\/\/cornandsoda.com\/wp\/kollar-klemencz-kamarazenekar-a-folyo\/","og_site_name":"Corn &amp; Soda","article_published_time":"2023-01-16T09:00:00+00:00","og_image":[{"width":2560,"height":1707,"url":"http:\/\/cornandsoda.com\/wp\/wp-content\/uploads\/2023\/01\/kollar-klemencz_kamarazenekar_foto_revai_sara-1-copy-scaled.jpg","type":"image\/jpeg"}],"author":"Blackphoenix","twitter_card":"summary_large_image","twitter_creator":"@CornAndSoda","twitter_site":"@CornAndSoda","twitter_misc":{"Szerz\u0151:":"Blackphoenix","Becs\u00fclt olvas\u00e1si id\u0151":"2 perc"},"schema":{"@context":"https:\/\/schema.org","@graph":[{"@type":"Article","@id":"http:\/\/cornandsoda.com\/wp\/kollar-klemencz-kamarazenekar-a-folyo\/#article","isPartOf":{"@id":"http:\/\/cornandsoda.com\/wp\/kollar-klemencz-kamarazenekar-a-folyo\/"},"author":{"name":"Blackphoenix","@id":"https:\/\/cornandsoda.com\/wp\/#\/schema\/person\/86f3f4ed984632a39ad9be1e875c0a42"},"headline":"Koll\u00e1r-Klemencz Kamarazenekar: A foly\u00f3","datePublished":"2023-01-16T09:00:00+00:00","mainEntityOfPage":{"@id":"http:\/\/cornandsoda.com\/wp\/kollar-klemencz-kamarazenekar-a-folyo\/"},"wordCount":417,"commentCount":0,"image":{"@id":"http:\/\/cornandsoda.com\/wp\/kollar-klemencz-kamarazenekar-a-folyo\/#primaryimage"},"thumbnailUrl":"http:\/\/cornandsoda.com\/wp\/wp-content\/uploads\/2023\/01\/kollar-klemencz_kamarazenekar_foto_revai_sara-1-copy-scaled.jpg","keywords":["A foly\u00f3","Koll\u00e1r-Klemencz Kamarazenekar"],"articleSection":["Klippremier","Zene"],"inLanguage":"hu","potentialAction":[{"@type":"CommentAction","name":"Comment","target":["http:\/\/cornandsoda.com\/wp\/kollar-klemencz-kamarazenekar-a-folyo\/#respond"]}]},{"@type":"WebPage","@id":"http:\/\/cornandsoda.com\/wp\/kollar-klemencz-kamarazenekar-a-folyo\/","url":"http:\/\/cornandsoda.com\/wp\/kollar-klemencz-kamarazenekar-a-folyo\/","name":"Koll\u00e1r-Klemencz Kamarazenekar: A foly\u00f3 \u2013 Corn&Soda","isPartOf":{"@id":"https:\/\/cornandsoda.com\/wp\/#website"},"primaryImageOfPage":{"@id":"http:\/\/cornandsoda.com\/wp\/kollar-klemencz-kamarazenekar-a-folyo\/#primaryimage"},"image":{"@id":"http:\/\/cornandsoda.com\/wp\/kollar-klemencz-kamarazenekar-a-folyo\/#primaryimage"},"thumbnailUrl":"http:\/\/cornandsoda.com\/wp\/wp-content\/uploads\/2023\/01\/kollar-klemencz_kamarazenekar_foto_revai_sara-1-copy-scaled.jpg","datePublished":"2023-01-16T09:00:00+00:00","author":{"@id":"https:\/\/cornandsoda.com\/wp\/#\/schema\/person\/86f3f4ed984632a39ad9be1e875c0a42"},"description":"A Koll\u00e1r-Klemencz Kamarazenekar A foly\u00f3 - c\u00edm\u0171 \u00faj lemez\u00e9n is dalsz\u00f6vegeiben t\u00e1rsadalom\u00e9rz\u00e9kenys\u00e9g\u00e9t viszi tov\u00e1bb, de az alkot\u00f3, enn\u00e9l tov\u00e1bb l\u00e9p, \u00e9s a konkr\u00e9t megjelen\u00e9s\u00e9vel is t\u00e1mogatni szeretn\u00e9 a r\u00e1szorul\u00f3kat.","breadcrumb":{"@id":"http:\/\/cornandsoda.com\/wp\/kollar-klemencz-kamarazenekar-a-folyo\/#breadcrumb"},"inLanguage":"hu","potentialAction":[{"@type":"ReadAction","target":["http:\/\/cornandsoda.com\/wp\/kollar-klemencz-kamarazenekar-a-folyo\/"]}]},{"@type":"ImageObject","inLanguage":"hu","@id":"http:\/\/cornandsoda.com\/wp\/kollar-klemencz-kamarazenekar-a-folyo\/#primaryimage","url":"http:\/\/cornandsoda.com\/wp\/wp-content\/uploads\/2023\/01\/kollar-klemencz_kamarazenekar_foto_revai_sara-1-copy-scaled.jpg","contentUrl":"http:\/\/cornandsoda.com\/wp\/wp-content\/uploads\/2023\/01\/kollar-klemencz_kamarazenekar_foto_revai_sara-1-copy-scaled.jpg","width":2560,"height":1707,"caption":"Fot\u00f3: Koll\u00e1r-Klemencz Kamarazenekar"},{"@type":"BreadcrumbList","@id":"http:\/\/cornandsoda.com\/wp\/kollar-klemencz-kamarazenekar-a-folyo\/#breadcrumb","itemListElement":[{"@type":"ListItem","position":1,"name":"Home","item":"https:\/\/cornandsoda.com\/wp\/"},{"@type":"ListItem","position":2,"name":"Koll\u00e1r-Klemencz Kamarazenekar: A foly\u00f3"}]},{"@type":"WebSite","@id":"https:\/\/cornandsoda.com\/wp\/#website","url":"https:\/\/cornandsoda.com\/wp\/","name":"Corn &amp; Soda","description":"Kultur\u00e1lis magazin","potentialAction":[{"@type":"SearchAction","target":{"@type":"EntryPoint","urlTemplate":"https:\/\/cornandsoda.com\/wp\/?s={search_term_string}"},"query-input":{"@type":"PropertyValueSpecification","valueRequired":true,"valueName":"search_term_string"}}],"inLanguage":"hu"},{"@type":"Person","@id":"https:\/\/cornandsoda.com\/wp\/#\/schema\/person\/86f3f4ed984632a39ad9be1e875c0a42","name":"Blackphoenix","image":{"@type":"ImageObject","inLanguage":"hu","@id":"http:\/\/0.gravatar.com\/avatar\/6c3f0ec2867c53ecd89c3ff53f9a905b?s=96&d=mm&r=g","url":"http:\/\/0.gravatar.com\/avatar\/6c3f0ec2867c53ecd89c3ff53f9a905b?s=96&d=mm&r=g","contentUrl":"http:\/\/0.gravatar.com\/avatar\/6c3f0ec2867c53ecd89c3ff53f9a905b?s=96&d=mm&r=g","caption":"Blackphoenix"},"url":"http:\/\/cornandsoda.com\/wp\/author\/blackphoenix\/"}]}},"featured_image_urls":{"full":["http:\/\/cornandsoda.com\/wp\/wp-content\/uploads\/2023\/01\/kollar-klemencz_kamarazenekar_foto_revai_sara-1-copy-scaled.jpg",2560,1707,false],"thumbnail":["http:\/\/cornandsoda.com\/wp\/wp-content\/uploads\/2023\/01\/kollar-klemencz_kamarazenekar_foto_revai_sara-1-copy-150x150.jpg",150,150,true],"medium":["http:\/\/cornandsoda.com\/wp\/wp-content\/uploads\/2023\/01\/kollar-klemencz_kamarazenekar_foto_revai_sara-1-copy-300x200.jpg",300,200,true],"medium_large":["http:\/\/cornandsoda.com\/wp\/wp-content\/uploads\/2023\/01\/kollar-klemencz_kamarazenekar_foto_revai_sara-1-copy-768x512.jpg",640,427,true],"large":["http:\/\/cornandsoda.com\/wp\/wp-content\/uploads\/2023\/01\/kollar-klemencz_kamarazenekar_foto_revai_sara-1-copy-1024x683.jpg",640,427,true],"1536x1536":["http:\/\/cornandsoda.com\/wp\/wp-content\/uploads\/2023\/01\/kollar-klemencz_kamarazenekar_foto_revai_sara-1-copy-1536x1024.jpg",1536,1024,true],"2048x2048":["http:\/\/cornandsoda.com\/wp\/wp-content\/uploads\/2023\/01\/kollar-klemencz_kamarazenekar_foto_revai_sara-1-copy-2048x1365.jpg",2048,1365,true],"darknews-slider-full":["http:\/\/cornandsoda.com\/wp\/wp-content\/uploads\/2023\/01\/kollar-klemencz_kamarazenekar_foto_revai_sara-1-copy-1280x720.jpg",1280,720,true],"darknews-featured":["http:\/\/cornandsoda.com\/wp\/wp-content\/uploads\/2023\/01\/kollar-klemencz_kamarazenekar_foto_revai_sara-1-copy-1024x683.jpg",1024,683,true],"darknews-medium":["http:\/\/cornandsoda.com\/wp\/wp-content\/uploads\/2023\/01\/kollar-klemencz_kamarazenekar_foto_revai_sara-1-copy-720x530.jpg",720,530,true],"darknews-medium-square":["http:\/\/cornandsoda.com\/wp\/wp-content\/uploads\/2023\/01\/kollar-klemencz_kamarazenekar_foto_revai_sara-1-copy-350x350.jpg",350,350,true]},"author_info":{"display_name":"Blackphoenix","author_link":"http:\/\/cornandsoda.com\/wp\/author\/blackphoenix\/"},"category_info":"<a href=\"http:\/\/cornandsoda.com\/wp\/category\/zene\/klippremier\/\" rel=\"category tag\">Klippremier<\/a> <a href=\"http:\/\/cornandsoda.com\/wp\/category\/zene\/\" rel=\"category tag\">Zene<\/a>","tag_info":"Zene","comment_count":"0","_links":{"self":[{"href":"http:\/\/cornandsoda.com\/wp\/wp-json\/wp\/v2\/posts\/53354"}],"collection":[{"href":"http:\/\/cornandsoda.com\/wp\/wp-json\/wp\/v2\/posts"}],"about":[{"href":"http:\/\/cornandsoda.com\/wp\/wp-json\/wp\/v2\/types\/post"}],"author":[{"embeddable":true,"href":"http:\/\/cornandsoda.com\/wp\/wp-json\/wp\/v2\/users\/14"}],"replies":[{"embeddable":true,"href":"http:\/\/cornandsoda.com\/wp\/wp-json\/wp\/v2\/comments?post=53354"}],"version-history":[{"count":1,"href":"http:\/\/cornandsoda.com\/wp\/wp-json\/wp\/v2\/posts\/53354\/revisions"}],"predecessor-version":[{"id":53356,"href":"http:\/\/cornandsoda.com\/wp\/wp-json\/wp\/v2\/posts\/53354\/revisions\/53356"}],"wp:featuredmedia":[{"embeddable":true,"href":"http:\/\/cornandsoda.com\/wp\/wp-json\/wp\/v2\/media\/53355"}],"wp:attachment":[{"href":"http:\/\/cornandsoda.com\/wp\/wp-json\/wp\/v2\/media?parent=53354"}],"wp:term":[{"taxonomy":"category","embeddable":true,"href":"http:\/\/cornandsoda.com\/wp\/wp-json\/wp\/v2\/categories?post=53354"},{"taxonomy":"post_tag","embeddable":true,"href":"http:\/\/cornandsoda.com\/wp\/wp-json\/wp\/v2\/tags?post=53354"}],"curies":[{"name":"wp","href":"https:\/\/api.w.org\/{rel}","templated":true}]}}