{"id":44605,"date":"2020-07-30T11:21:39","date_gmt":"2020-07-30T09:21:39","guid":{"rendered":"http:\/\/cornandsoda.com\/?p=44605"},"modified":"2020-07-30T11:23:17","modified_gmt":"2020-07-30T09:23:17","slug":"megsem-tudjuk-mire-bulizol-a-nyar-vegen","status":"publish","type":"post","link":"https:\/\/cornandsoda.com\/wp\/megsem-tudjuk-mire-bulizol-a-nyar-vegen\/","title":{"rendered":"M\u00e9gsem tudjuk mire bulizol a ny\u00e1r v\u00e9g\u00e9n"},"content":{"rendered":"\n<p><strong><a href=\"http:\/\/cornandsoda.com\/tudjuk-mire-fogsz-bulizni-a-nyar-vegen\/\" target=\"_blank\" rel=\"noreferrer noopener\" aria-label=\"J\u00falius elej\u00e9n (opens in a new tab)\">J\u00falius elej\u00e9n<\/a> m\u00e9g pozit\u00edvan \u00e1lltunk a fesztiv\u00e1lokhoz, illetve ahhoz, hogy megtartj\u00e1k-e \u0151ket. Ma sajnos rossz h\u00edreket kaptunk.<\/strong><\/p>\n\n\n\n<!--more-->\n\n\n\n<p>A Korm\u00e1nyinf\u00f3n Guly\u00e1s Gergely, minisztereln\u00f6ks\u00e9get vezet\u0151 miniszter bejelentette, hogy augusztus 15-e ut\u00e1n sem v\u00e1ltoztatnak a jelenleg \u00e9rv\u00e9nyben l\u00e9v\u0151 szab\u00e1lyokon.<\/p>\n\n\n\n<p>Ez leford\u00edtva annyit jelent, hogy most m\u00e1r biztosan tudjuk, hogy az idei ny\u00e1ron egy fesztiv\u00e1l sem lesz megtartva. Ugyanis az egyik ma is \u00e9l\u0151 j\u00e1rv\u00e1ny\u00fcgyi int\u00e9zked\u00e9s az, hogy az 500 f\u0151n\u00e9l nagyobb rendezv\u00e9nyeket nem tarthatj\u00e1k meg.<\/p>\n\n\n\n<p>Persze tiszt\u00e1ban vagyunk vele, hogy a biztons\u00e1g az els\u0151, de valahol m\u00e9gis sajn\u00e1ljuk, hogy elmaradnak az idei fesztiv\u00e1lok.<\/p>\n\n\n\n<p>Vigasztal\u00f3nak n\u00e9zz\u00fck \u00fajra a tavalyi SZIN hivatalos \u00f6sszefoglal\u00f3 vide\u00f3j\u00e1t \u00e9s id\u00e9zz\u00fck fel sz\u00e9p eml\u00e9keinket. Emellett rem\u00e9lj\u00fck a legjobbakat, hogy a v\u00edrus hamar elt\u0171nik az \u00e9let\u00fcnkb\u0151l \u00e9s id\u0151vel visszat\u00e9rhet minden a r\u00e9gi ker\u00e9kv\u00e1g\u00e1sba.<\/p>\n\n\n\n<figure class=\"wp-block-embed-youtube wp-block-embed is-type-video is-provider-youtube wp-embed-aspect-16-9 wp-has-aspect-ratio\"><div class=\"wp-block-embed__wrapper\">\n<iframe loading=\"lazy\" title=\"SZIN Fesztiv\u00e1l 2019 - Official Aftermovie\" width=\"640\" height=\"360\" src=\"https:\/\/www.youtube.com\/embed\/7m2VZFFvLS8?feature=oembed\" frameborder=\"0\" allow=\"accelerometer; autoplay; clipboard-write; encrypted-media; gyroscope; picture-in-picture; web-share\" referrerpolicy=\"strict-origin-when-cross-origin\" allowfullscreen><\/iframe>\n<\/div><\/figure>\n","protected":false},"excerpt":{"rendered":"<p>J\u00falius elej\u00e9n m\u00e9g pozit\u00edvan \u00e1lltunk a fesztiv\u00e1lokhoz, illetve ahhoz, hogy megtartj\u00e1k-e \u0151ket. Ma sajnos rossz h\u00edreket kaptunk.<\/p>\n","protected":false},"author":1,"featured_media":44607,"comment_status":"open","ping_status":"open","sticky":false,"template":"","format":"standard","meta":{"footnotes":""},"categories":[569],"tags":[12981,12982],"class_list":["post-44605","post","type-post","status-publish","format-standard","has-post-thumbnail","hentry","category-esemeny","tag-fesztivalok","tag-virus"],"yoast_head":"<!-- This site is optimized with the Yoast SEO plugin v27.4 - https:\/\/yoast.com\/product\/yoast-seo-wordpress\/ -->\n<title>M\u00e9gsem tudjuk mire bulizol a ny\u00e1r v\u00e9g\u00e9n - Corn &amp; Soda<\/title>\n<meta name=\"robots\" content=\"index, follow, max-snippet:-1, max-image-preview:large, max-video-preview:-1\" \/>\n<link rel=\"canonical\" href=\"http:\/\/cornandsoda.com\/wp\/megsem-tudjuk-mire-bulizol-a-nyar-vegen\/\" \/>\n<meta property=\"og:locale\" content=\"hu_HU\" \/>\n<meta property=\"og:type\" content=\"article\" \/>\n<meta property=\"og:title\" content=\"M\u00e9gsem tudjuk mire bulizol a ny\u00e1r v\u00e9g\u00e9n - Corn &amp; Soda\" \/>\n<meta property=\"og:description\" content=\"J\u00falius elej\u00e9n m\u00e9g pozit\u00edvan \u00e1lltunk a fesztiv\u00e1lokhoz, illetve ahhoz, hogy megtartj\u00e1k-e \u0151ket. Ma sajnos rossz h\u00edreket kaptunk.\" \/>\n<meta property=\"og:url\" content=\"http:\/\/cornandsoda.com\/wp\/megsem-tudjuk-mire-bulizol-a-nyar-vegen\/\" \/>\n<meta property=\"og:site_name\" content=\"Corn &amp; Soda\" \/>\n<meta property=\"article:author\" content=\"https:\/\/www.facebook.com\/cornandsoda\" \/>\n<meta property=\"article:published_time\" content=\"2020-07-30T09:21:39+00:00\" \/>\n<meta property=\"article:modified_time\" content=\"2020-07-30T09:23:17+00:00\" \/>\n<meta property=\"og:image\" content=\"http:\/\/cornandsoda.com\/wp\/wp-content\/uploads\/2020\/07\/megsem-tudjuk-mire-bulizol-a-nya.jpg\" \/>\n\t<meta property=\"og:image:width\" content=\"1280\" \/>\n\t<meta property=\"og:image:height\" content=\"720\" \/>\n\t<meta property=\"og:image:type\" content=\"image\/jpeg\" \/>\n<meta name=\"author\" content=\"Erunder\" \/>\n<meta name=\"twitter:card\" content=\"summary_large_image\" \/>\n<meta name=\"twitter:creator\" content=\"@CornAndSoda\" \/>\n<meta name=\"twitter:site\" content=\"@CornAndSoda\" \/>\n<meta name=\"twitter:label1\" content=\"Szerz\u0151:\" \/>\n\t<meta name=\"twitter:data1\" content=\"Erunder\" \/>\n\t<meta name=\"twitter:label2\" content=\"Becs\u00fclt olvas\u00e1si id\u0151\" \/>\n\t<meta name=\"twitter:data2\" content=\"1 perc\" \/>\n<script type=\"application\/ld+json\" class=\"yoast-schema-graph\">{\"@context\":\"https:\\\/\\\/schema.org\",\"@graph\":[{\"@type\":\"Article\",\"@id\":\"http:\\\/\\\/cornandsoda.com\\\/wp\\\/megsem-tudjuk-mire-bulizol-a-nyar-vegen\\\/#article\",\"isPartOf\":{\"@id\":\"http:\\\/\\\/cornandsoda.com\\\/wp\\\/megsem-tudjuk-mire-bulizol-a-nyar-vegen\\\/\"},\"author\":{\"name\":\"Erunder\",\"@id\":\"https:\\\/\\\/cornandsoda.com\\\/wp\\\/#\\\/schema\\\/person\\\/bc7d9df01ef04e91002327246e17c9b0\"},\"headline\":\"M\u00e9gsem tudjuk mire bulizol a ny\u00e1r v\u00e9g\u00e9n\",\"datePublished\":\"2020-07-30T09:21:39+00:00\",\"dateModified\":\"2020-07-30T09:23:17+00:00\",\"mainEntityOfPage\":{\"@id\":\"http:\\\/\\\/cornandsoda.com\\\/wp\\\/megsem-tudjuk-mire-bulizol-a-nyar-vegen\\\/\"},\"wordCount\":196,\"commentCount\":0,\"image\":{\"@id\":\"http:\\\/\\\/cornandsoda.com\\\/wp\\\/megsem-tudjuk-mire-bulizol-a-nyar-vegen\\\/#primaryimage\"},\"thumbnailUrl\":\"https:\\\/\\\/cornandsoda.com\\\/wp\\\/wp-content\\\/uploads\\\/2020\\\/07\\\/megsem-tudjuk-mire-bulizol-a-nya.jpg\",\"keywords\":[\"fesztiv\u00e1lok\",\"v\u00edrus\"],\"articleSection\":[\"Esem\u00e9ny\"],\"inLanguage\":\"hu\",\"potentialAction\":[{\"@type\":\"CommentAction\",\"name\":\"Comment\",\"target\":[\"http:\\\/\\\/cornandsoda.com\\\/wp\\\/megsem-tudjuk-mire-bulizol-a-nyar-vegen\\\/#respond\"]}]},{\"@type\":\"WebPage\",\"@id\":\"http:\\\/\\\/cornandsoda.com\\\/wp\\\/megsem-tudjuk-mire-bulizol-a-nyar-vegen\\\/\",\"url\":\"http:\\\/\\\/cornandsoda.com\\\/wp\\\/megsem-tudjuk-mire-bulizol-a-nyar-vegen\\\/\",\"name\":\"M\u00e9gsem tudjuk mire bulizol a ny\u00e1r v\u00e9g\u00e9n - Corn &amp; Soda\",\"isPartOf\":{\"@id\":\"https:\\\/\\\/cornandsoda.com\\\/wp\\\/#website\"},\"primaryImageOfPage\":{\"@id\":\"http:\\\/\\\/cornandsoda.com\\\/wp\\\/megsem-tudjuk-mire-bulizol-a-nyar-vegen\\\/#primaryimage\"},\"image\":{\"@id\":\"http:\\\/\\\/cornandsoda.com\\\/wp\\\/megsem-tudjuk-mire-bulizol-a-nyar-vegen\\\/#primaryimage\"},\"thumbnailUrl\":\"https:\\\/\\\/cornandsoda.com\\\/wp\\\/wp-content\\\/uploads\\\/2020\\\/07\\\/megsem-tudjuk-mire-bulizol-a-nya.jpg\",\"datePublished\":\"2020-07-30T09:21:39+00:00\",\"dateModified\":\"2020-07-30T09:23:17+00:00\",\"author\":{\"@id\":\"https:\\\/\\\/cornandsoda.com\\\/wp\\\/#\\\/schema\\\/person\\\/bc7d9df01ef04e91002327246e17c9b0\"},\"breadcrumb\":{\"@id\":\"http:\\\/\\\/cornandsoda.com\\\/wp\\\/megsem-tudjuk-mire-bulizol-a-nyar-vegen\\\/#breadcrumb\"},\"inLanguage\":\"hu\",\"potentialAction\":[{\"@type\":\"ReadAction\",\"target\":[\"http:\\\/\\\/cornandsoda.com\\\/wp\\\/megsem-tudjuk-mire-bulizol-a-nyar-vegen\\\/\"]}]},{\"@type\":\"ImageObject\",\"inLanguage\":\"hu\",\"@id\":\"http:\\\/\\\/cornandsoda.com\\\/wp\\\/megsem-tudjuk-mire-bulizol-a-nyar-vegen\\\/#primaryimage\",\"url\":\"https:\\\/\\\/cornandsoda.com\\\/wp\\\/wp-content\\\/uploads\\\/2020\\\/07\\\/megsem-tudjuk-mire-bulizol-a-nya.jpg\",\"contentUrl\":\"https:\\\/\\\/cornandsoda.com\\\/wp\\\/wp-content\\\/uploads\\\/2020\\\/07\\\/megsem-tudjuk-mire-bulizol-a-nya.jpg\",\"width\":1280,\"height\":720},{\"@type\":\"BreadcrumbList\",\"@id\":\"http:\\\/\\\/cornandsoda.com\\\/wp\\\/megsem-tudjuk-mire-bulizol-a-nyar-vegen\\\/#breadcrumb\",\"itemListElement\":[{\"@type\":\"ListItem\",\"position\":1,\"name\":\"Home\",\"item\":\"https:\\\/\\\/cornandsoda.com\\\/wp\\\/\"},{\"@type\":\"ListItem\",\"position\":2,\"name\":\"M\u00e9gsem tudjuk mire bulizol a ny\u00e1r v\u00e9g\u00e9n\"}]},{\"@type\":\"WebSite\",\"@id\":\"https:\\\/\\\/cornandsoda.com\\\/wp\\\/#website\",\"url\":\"https:\\\/\\\/cornandsoda.com\\\/wp\\\/\",\"name\":\"Corn &amp; Soda\",\"description\":\"Kultur\u00e1lis magazin\",\"potentialAction\":[{\"@type\":\"SearchAction\",\"target\":{\"@type\":\"EntryPoint\",\"urlTemplate\":\"https:\\\/\\\/cornandsoda.com\\\/wp\\\/?s={search_term_string}\"},\"query-input\":{\"@type\":\"PropertyValueSpecification\",\"valueRequired\":true,\"valueName\":\"search_term_string\"}}],\"inLanguage\":\"hu\"},{\"@type\":\"Person\",\"@id\":\"https:\\\/\\\/cornandsoda.com\\\/wp\\\/#\\\/schema\\\/person\\\/bc7d9df01ef04e91002327246e17c9b0\",\"name\":\"Erunder\",\"image\":{\"@type\":\"ImageObject\",\"inLanguage\":\"hu\",\"@id\":\"https:\\\/\\\/secure.gravatar.com\\\/avatar\\\/fa04ddbac38213ba6f6ad7508a5f3ca2?s=96&d=mm&r=g\",\"url\":\"https:\\\/\\\/secure.gravatar.com\\\/avatar\\\/fa04ddbac38213ba6f6ad7508a5f3ca2?s=96&d=mm&r=g\",\"contentUrl\":\"https:\\\/\\\/secure.gravatar.com\\\/avatar\\\/fa04ddbac38213ba6f6ad7508a5f3ca2?s=96&d=mm&r=g\",\"caption\":\"Erunder\"},\"sameAs\":[\"http:\\\/\\\/cornandsoda.com\",\"https:\\\/\\\/www.facebook.com\\\/cornandsoda\"],\"url\":\"https:\\\/\\\/cornandsoda.com\\\/wp\\\/author\\\/erunder\\\/\"}]}<\/script>\n<!-- \/ Yoast SEO plugin. -->","yoast_head_json":{"title":"M\u00e9gsem tudjuk mire bulizol a ny\u00e1r v\u00e9g\u00e9n - Corn &amp; Soda","robots":{"index":"index","follow":"follow","max-snippet":"max-snippet:-1","max-image-preview":"max-image-preview:large","max-video-preview":"max-video-preview:-1"},"canonical":"http:\/\/cornandsoda.com\/wp\/megsem-tudjuk-mire-bulizol-a-nyar-vegen\/","og_locale":"hu_HU","og_type":"article","og_title":"M\u00e9gsem tudjuk mire bulizol a ny\u00e1r v\u00e9g\u00e9n - Corn &amp; Soda","og_description":"J\u00falius elej\u00e9n m\u00e9g pozit\u00edvan \u00e1lltunk a fesztiv\u00e1lokhoz, illetve ahhoz, hogy megtartj\u00e1k-e \u0151ket. Ma sajnos rossz h\u00edreket kaptunk.","og_url":"http:\/\/cornandsoda.com\/wp\/megsem-tudjuk-mire-bulizol-a-nyar-vegen\/","og_site_name":"Corn &amp; Soda","article_author":"https:\/\/www.facebook.com\/cornandsoda","article_published_time":"2020-07-30T09:21:39+00:00","article_modified_time":"2020-07-30T09:23:17+00:00","og_image":[{"width":1280,"height":720,"url":"http:\/\/cornandsoda.com\/wp\/wp-content\/uploads\/2020\/07\/megsem-tudjuk-mire-bulizol-a-nya.jpg","type":"image\/jpeg"}],"author":"Erunder","twitter_card":"summary_large_image","twitter_creator":"@CornAndSoda","twitter_site":"@CornAndSoda","twitter_misc":{"Szerz\u0151:":"Erunder","Becs\u00fclt olvas\u00e1si id\u0151":"1 perc"},"schema":{"@context":"https:\/\/schema.org","@graph":[{"@type":"Article","@id":"http:\/\/cornandsoda.com\/wp\/megsem-tudjuk-mire-bulizol-a-nyar-vegen\/#article","isPartOf":{"@id":"http:\/\/cornandsoda.com\/wp\/megsem-tudjuk-mire-bulizol-a-nyar-vegen\/"},"author":{"name":"Erunder","@id":"https:\/\/cornandsoda.com\/wp\/#\/schema\/person\/bc7d9df01ef04e91002327246e17c9b0"},"headline":"M\u00e9gsem tudjuk mire bulizol a ny\u00e1r v\u00e9g\u00e9n","datePublished":"2020-07-30T09:21:39+00:00","dateModified":"2020-07-30T09:23:17+00:00","mainEntityOfPage":{"@id":"http:\/\/cornandsoda.com\/wp\/megsem-tudjuk-mire-bulizol-a-nyar-vegen\/"},"wordCount":196,"commentCount":0,"image":{"@id":"http:\/\/cornandsoda.com\/wp\/megsem-tudjuk-mire-bulizol-a-nyar-vegen\/#primaryimage"},"thumbnailUrl":"https:\/\/cornandsoda.com\/wp\/wp-content\/uploads\/2020\/07\/megsem-tudjuk-mire-bulizol-a-nya.jpg","keywords":["fesztiv\u00e1lok","v\u00edrus"],"articleSection":["Esem\u00e9ny"],"inLanguage":"hu","potentialAction":[{"@type":"CommentAction","name":"Comment","target":["http:\/\/cornandsoda.com\/wp\/megsem-tudjuk-mire-bulizol-a-nyar-vegen\/#respond"]}]},{"@type":"WebPage","@id":"http:\/\/cornandsoda.com\/wp\/megsem-tudjuk-mire-bulizol-a-nyar-vegen\/","url":"http:\/\/cornandsoda.com\/wp\/megsem-tudjuk-mire-bulizol-a-nyar-vegen\/","name":"M\u00e9gsem tudjuk mire bulizol a ny\u00e1r v\u00e9g\u00e9n - Corn &amp; Soda","isPartOf":{"@id":"https:\/\/cornandsoda.com\/wp\/#website"},"primaryImageOfPage":{"@id":"http:\/\/cornandsoda.com\/wp\/megsem-tudjuk-mire-bulizol-a-nyar-vegen\/#primaryimage"},"image":{"@id":"http:\/\/cornandsoda.com\/wp\/megsem-tudjuk-mire-bulizol-a-nyar-vegen\/#primaryimage"},"thumbnailUrl":"https:\/\/cornandsoda.com\/wp\/wp-content\/uploads\/2020\/07\/megsem-tudjuk-mire-bulizol-a-nya.jpg","datePublished":"2020-07-30T09:21:39+00:00","dateModified":"2020-07-30T09:23:17+00:00","author":{"@id":"https:\/\/cornandsoda.com\/wp\/#\/schema\/person\/bc7d9df01ef04e91002327246e17c9b0"},"breadcrumb":{"@id":"http:\/\/cornandsoda.com\/wp\/megsem-tudjuk-mire-bulizol-a-nyar-vegen\/#breadcrumb"},"inLanguage":"hu","potentialAction":[{"@type":"ReadAction","target":["http:\/\/cornandsoda.com\/wp\/megsem-tudjuk-mire-bulizol-a-nyar-vegen\/"]}]},{"@type":"ImageObject","inLanguage":"hu","@id":"http:\/\/cornandsoda.com\/wp\/megsem-tudjuk-mire-bulizol-a-nyar-vegen\/#primaryimage","url":"https:\/\/cornandsoda.com\/wp\/wp-content\/uploads\/2020\/07\/megsem-tudjuk-mire-bulizol-a-nya.jpg","contentUrl":"https:\/\/cornandsoda.com\/wp\/wp-content\/uploads\/2020\/07\/megsem-tudjuk-mire-bulizol-a-nya.jpg","width":1280,"height":720},{"@type":"BreadcrumbList","@id":"http:\/\/cornandsoda.com\/wp\/megsem-tudjuk-mire-bulizol-a-nyar-vegen\/#breadcrumb","itemListElement":[{"@type":"ListItem","position":1,"name":"Home","item":"https:\/\/cornandsoda.com\/wp\/"},{"@type":"ListItem","position":2,"name":"M\u00e9gsem tudjuk mire bulizol a ny\u00e1r v\u00e9g\u00e9n"}]},{"@type":"WebSite","@id":"https:\/\/cornandsoda.com\/wp\/#website","url":"https:\/\/cornandsoda.com\/wp\/","name":"Corn &amp; Soda","description":"Kultur\u00e1lis magazin","potentialAction":[{"@type":"SearchAction","target":{"@type":"EntryPoint","urlTemplate":"https:\/\/cornandsoda.com\/wp\/?s={search_term_string}"},"query-input":{"@type":"PropertyValueSpecification","valueRequired":true,"valueName":"search_term_string"}}],"inLanguage":"hu"},{"@type":"Person","@id":"https:\/\/cornandsoda.com\/wp\/#\/schema\/person\/bc7d9df01ef04e91002327246e17c9b0","name":"Erunder","image":{"@type":"ImageObject","inLanguage":"hu","@id":"https:\/\/secure.gravatar.com\/avatar\/fa04ddbac38213ba6f6ad7508a5f3ca2?s=96&d=mm&r=g","url":"https:\/\/secure.gravatar.com\/avatar\/fa04ddbac38213ba6f6ad7508a5f3ca2?s=96&d=mm&r=g","contentUrl":"https:\/\/secure.gravatar.com\/avatar\/fa04ddbac38213ba6f6ad7508a5f3ca2?s=96&d=mm&r=g","caption":"Erunder"},"sameAs":["http:\/\/cornandsoda.com","https:\/\/www.facebook.com\/cornandsoda"],"url":"https:\/\/cornandsoda.com\/wp\/author\/erunder\/"}]}},"featured_image_urls":{"full":["https:\/\/cornandsoda.com\/wp\/wp-content\/uploads\/2020\/07\/megsem-tudjuk-mire-bulizol-a-nya.jpg",1280,720,false],"thumbnail":["https:\/\/cornandsoda.com\/wp\/wp-content\/uploads\/2020\/07\/megsem-tudjuk-mire-bulizol-a-nya-150x150.jpg",150,150,true],"medium":["https:\/\/cornandsoda.com\/wp\/wp-content\/uploads\/2020\/07\/megsem-tudjuk-mire-bulizol-a-nya-300x169.jpg",300,169,true],"medium_large":["https:\/\/cornandsoda.com\/wp\/wp-content\/uploads\/2020\/07\/megsem-tudjuk-mire-bulizol-a-nya-768x432.jpg",640,360,true],"large":["https:\/\/cornandsoda.com\/wp\/wp-content\/uploads\/2020\/07\/megsem-tudjuk-mire-bulizol-a-nya-1024x576.jpg",640,360,true],"1536x1536":["https:\/\/cornandsoda.com\/wp\/wp-content\/uploads\/2020\/07\/megsem-tudjuk-mire-bulizol-a-nya.jpg",1280,720,false],"2048x2048":["https:\/\/cornandsoda.com\/wp\/wp-content\/uploads\/2020\/07\/megsem-tudjuk-mire-bulizol-a-nya.jpg",1280,720,false],"darknews-slider-full":["https:\/\/cornandsoda.com\/wp\/wp-content\/uploads\/2020\/07\/megsem-tudjuk-mire-bulizol-a-nya.jpg",1280,720,false],"darknews-featured":["https:\/\/cornandsoda.com\/wp\/wp-content\/uploads\/2020\/07\/megsem-tudjuk-mire-bulizol-a-nya.jpg",1024,576,false],"darknews-medium":["https:\/\/cornandsoda.com\/wp\/wp-content\/uploads\/2020\/07\/megsem-tudjuk-mire-bulizol-a-nya.jpg",720,405,false],"darknews-medium-square":["https:\/\/cornandsoda.com\/wp\/wp-content\/uploads\/2020\/07\/megsem-tudjuk-mire-bulizol-a-nya.jpg",350,197,false]},"author_info":{"display_name":"Erunder","author_link":"https:\/\/cornandsoda.com\/wp\/author\/erunder\/"},"category_info":"<a href=\"https:\/\/cornandsoda.com\/wp\/category\/esemeny\/\" rel=\"category tag\">Esem\u00e9ny<\/a>","tag_info":"Esem\u00e9ny","comment_count":"0","_links":{"self":[{"href":"https:\/\/cornandsoda.com\/wp\/wp-json\/wp\/v2\/posts\/44605"}],"collection":[{"href":"https:\/\/cornandsoda.com\/wp\/wp-json\/wp\/v2\/posts"}],"about":[{"href":"https:\/\/cornandsoda.com\/wp\/wp-json\/wp\/v2\/types\/post"}],"author":[{"embeddable":true,"href":"https:\/\/cornandsoda.com\/wp\/wp-json\/wp\/v2\/users\/1"}],"replies":[{"embeddable":true,"href":"https:\/\/cornandsoda.com\/wp\/wp-json\/wp\/v2\/comments?post=44605"}],"version-history":[{"count":2,"href":"https:\/\/cornandsoda.com\/wp\/wp-json\/wp\/v2\/posts\/44605\/revisions"}],"predecessor-version":[{"id":44608,"href":"https:\/\/cornandsoda.com\/wp\/wp-json\/wp\/v2\/posts\/44605\/revisions\/44608"}],"wp:featuredmedia":[{"embeddable":true,"href":"https:\/\/cornandsoda.com\/wp\/wp-json\/wp\/v2\/media\/44607"}],"wp:attachment":[{"href":"https:\/\/cornandsoda.com\/wp\/wp-json\/wp\/v2\/media?parent=44605"}],"wp:term":[{"taxonomy":"category","embeddable":true,"href":"https:\/\/cornandsoda.com\/wp\/wp-json\/wp\/v2\/categories?post=44605"},{"taxonomy":"post_tag","embeddable":true,"href":"https:\/\/cornandsoda.com\/wp\/wp-json\/wp\/v2\/tags?post=44605"}],"curies":[{"name":"wp","href":"https:\/\/api.w.org\/{rel}","templated":true}]}}